{"id":37,"count":23,"description":"<p style=\"text-align: center\">les tableaux expos\u00e9s ici sont des pi\u00e8ces uniques. Actuellement disponible, ils sont livr\u00e9s avec un certificat d'authenticit\u00e9.<\/p>","link":"https:\/\/frederic-eymeri.com\/index.php\/categorie-produit\/la-galerie-des-ventes\/","name":"La Galerie Des Ventes","slug":"la-galerie-des-ventes","taxonomy":"product_cat","parent":0,"meta":[],"yoast_head":"<!-- This site is optimized with the Yoast SEO plugin v24.0 - https:\/\/yoast.com\/wordpress\/plugins\/seo\/ -->\n<title>\u0152uvre de Fr\u00e9d\u00e9ric Eymeri<\/title>\n<meta name=\"description\" content=\"\u0152uvre de l&#039;artiste peintre fran\u00e7ais contemporain Fr\u00e9d\u00e9ric Eymeri.\" \/>\n<meta name=\"robots\" content=\"index, follow, max-snippet:-1, max-image-preview:large, max-video-preview:-1\" \/>\n<link rel=\"canonical\" href=\"https:\/\/frederic-eymeri.com\/index.php\/categorie-produit\/la-galerie-des-ventes\/\" \/>\n<meta property=\"og:locale\" content=\"en_US\" \/>\n<meta property=\"og:type\" content=\"article\" \/>\n<meta property=\"og:title\" content=\"\u0152uvre de Fr\u00e9d\u00e9ric Eymeri\" \/>\n<meta property=\"og:description\" content=\"\u0152uvre de l&#039;artiste peintre fran\u00e7ais contemporain Fr\u00e9d\u00e9ric Eymeri.\" \/>\n<meta property=\"og:url\" content=\"https:\/\/frederic-eymeri.com\/index.php\/categorie-produit\/la-galerie-des-ventes\/\" \/>\n<meta property=\"og:image\" content=\"https:\/\/frederic-eymeri.com\/wp-content\/uploads\/2023\/04\/apres-les-fleurs-vu-1.jpg\" \/>\n\t<meta property=\"og:image:width\" content=\"1200\" \/>\n\t<meta property=\"og:image:height\" content=\"1206\" \/>\n\t<meta property=\"og:image:type\" content=\"image\/jpeg\" \/>\n<meta name=\"twitter:card\" content=\"summary_large_image\" \/>\n<script type=\"application\/ld+json\" class=\"yoast-schema-graph\">{\"@context\":\"https:\/\/schema.org\",\"@graph\":[{\"@type\":\"CollectionPage\",\"@id\":\"https:\/\/frederic-eymeri.com\/index.php\/categorie-produit\/la-galerie-des-ventes\/\",\"url\":\"https:\/\/frederic-eymeri.com\/index.php\/categorie-produit\/la-galerie-des-ventes\/\",\"name\":\"\u0152uvre de Fr\u00e9d\u00e9ric Eymeri\",\"isPartOf\":{\"@id\":\"https:\/\/frederic-eymeri.com\/#website\"},\"description\":\"\u0152uvre de l'artiste peintre fran\u00e7ais contemporain Fr\u00e9d\u00e9ric Eymeri.\",\"breadcrumb\":{\"@id\":\"https:\/\/frederic-eymeri.com\/index.php\/categorie-produit\/la-galerie-des-ventes\/#breadcrumb\"},\"inLanguage\":\"en-US\"},{\"@type\":\"BreadcrumbList\",\"@id\":\"https:\/\/frederic-eymeri.com\/index.php\/categorie-produit\/la-galerie-des-ventes\/#breadcrumb\",\"itemListElement\":[{\"@type\":\"ListItem\",\"position\":1,\"name\":\"Accueil\",\"item\":\"https:\/\/frederic-eymeri.com\/\"},{\"@type\":\"ListItem\",\"position\":2,\"name\":\"La Galerie Des Ventes\"}]},{\"@type\":\"WebSite\",\"@id\":\"https:\/\/frederic-eymeri.com\/#website\",\"url\":\"https:\/\/frederic-eymeri.com\/\",\"name\":\"\",\"description\":\"\",\"publisher\":{\"@id\":\"https:\/\/frederic-eymeri.com\/#\/schema\/person\/89c8207d7647e032710f6659c4e4802d\"},\"alternateName\":\"LA GRANDE GALERIE de Fr\u00e9d\u00e9ric Eymeri\",\"potentialAction\":[{\"@type\":\"SearchAction\",\"target\":{\"@type\":\"EntryPoint\",\"urlTemplate\":\"https:\/\/frederic-eymeri.com\/?s={search_term_string}\"},\"query-input\":{\"@type\":\"PropertyValueSpecification\",\"valueRequired\":true,\"valueName\":\"search_term_string\"}}],\"inLanguage\":\"en-US\"},{\"@type\":[\"Person\",\"Organization\"],\"@id\":\"https:\/\/frederic-eymeri.com\/#\/schema\/person\/89c8207d7647e032710f6659c4e4802d\",\"name\":\"Fr\u00e9d\u00e9ric Eymeri\",\"image\":{\"@type\":\"ImageObject\",\"inLanguage\":\"en-US\",\"@id\":\"https:\/\/frederic-eymeri.com\/#\/schema\/person\/image\/\",\"url\":\"https:\/\/secure.gravatar.com\/avatar\/852cca528410dba334392a58bdaa37cea4f53350135352afbf696e4e7cacaff1?s=96&d=wavatar&r=g\",\"contentUrl\":\"https:\/\/secure.gravatar.com\/avatar\/852cca528410dba334392a58bdaa37cea4f53350135352afbf696e4e7cacaff1?s=96&d=wavatar&r=g\",\"caption\":\"Fr\u00e9d\u00e9ric Eymeri\"},\"logo\":{\"@id\":\"https:\/\/frederic-eymeri.com\/#\/schema\/person\/image\/\"},\"sameAs\":[\"https:\/\/frederic-eymeri.com\"]}]}<\/script>\n<!-- \/ Yoast SEO plugin. -->","yoast_head_json":{"title":"\u0152uvre de Fr\u00e9d\u00e9ric Eymeri","description":"\u0152uvre de l'artiste peintre fran\u00e7ais contemporain Fr\u00e9d\u00e9ric Eymeri.","robots":{"index":"index","follow":"follow","max-snippet":"max-snippet:-1","max-image-preview":"max-image-preview:large","max-video-preview":"max-video-preview:-1"},"canonical":"https:\/\/frederic-eymeri.com\/index.php\/categorie-produit\/la-galerie-des-ventes\/","og_locale":"en_US","og_type":"article","og_title":"\u0152uvre de Fr\u00e9d\u00e9ric Eymeri","og_description":"\u0152uvre de l'artiste peintre fran\u00e7ais contemporain Fr\u00e9d\u00e9ric Eymeri.","og_url":"https:\/\/frederic-eymeri.com\/index.php\/categorie-produit\/la-galerie-des-ventes\/","og_image":[{"width":1200,"height":1206,"url":"https:\/\/frederic-eymeri.com\/wp-content\/uploads\/2023\/04\/apres-les-fleurs-vu-1.jpg","type":"image\/jpeg"}],"twitter_card":"summary_large_image","schema":{"@context":"https:\/\/schema.org","@graph":[{"@type":"CollectionPage","@id":"https:\/\/frederic-eymeri.com\/index.php\/categorie-produit\/la-galerie-des-ventes\/","url":"https:\/\/frederic-eymeri.com\/index.php\/categorie-produit\/la-galerie-des-ventes\/","name":"\u0152uvre de Fr\u00e9d\u00e9ric Eymeri","isPartOf":{"@id":"https:\/\/frederic-eymeri.com\/#website"},"description":"\u0152uvre de l'artiste peintre fran\u00e7ais contemporain Fr\u00e9d\u00e9ric Eymeri.","breadcrumb":{"@id":"https:\/\/frederic-eymeri.com\/index.php\/categorie-produit\/la-galerie-des-ventes\/#breadcrumb"},"inLanguage":"en-US"},{"@type":"BreadcrumbList","@id":"https:\/\/frederic-eymeri.com\/index.php\/categorie-produit\/la-galerie-des-ventes\/#breadcrumb","itemListElement":[{"@type":"ListItem","position":1,"name":"Accueil","item":"https:\/\/frederic-eymeri.com\/"},{"@type":"ListItem","position":2,"name":"La Galerie Des Ventes"}]},{"@type":"WebSite","@id":"https:\/\/frederic-eymeri.com\/#website","url":"https:\/\/frederic-eymeri.com\/","name":"","description":"","publisher":{"@id":"https:\/\/frederic-eymeri.com\/#\/schema\/person\/89c8207d7647e032710f6659c4e4802d"},"alternateName":"LA GRANDE GALERIE de Fr\u00e9d\u00e9ric Eymeri","potentialAction":[{"@type":"SearchAction","target":{"@type":"EntryPoint","urlTemplate":"https:\/\/frederic-eymeri.com\/?s={search_term_string}"},"query-input":{"@type":"PropertyValueSpecification","valueRequired":true,"valueName":"search_term_string"}}],"inLanguage":"en-US"},{"@type":["Person","Organization"],"@id":"https:\/\/frederic-eymeri.com\/#\/schema\/person\/89c8207d7647e032710f6659c4e4802d","name":"Fr\u00e9d\u00e9ric Eymeri","image":{"@type":"ImageObject","inLanguage":"en-US","@id":"https:\/\/frederic-eymeri.com\/#\/schema\/person\/image\/","url":"https:\/\/secure.gravatar.com\/avatar\/852cca528410dba334392a58bdaa37cea4f53350135352afbf696e4e7cacaff1?s=96&d=wavatar&r=g","contentUrl":"https:\/\/secure.gravatar.com\/avatar\/852cca528410dba334392a58bdaa37cea4f53350135352afbf696e4e7cacaff1?s=96&d=wavatar&r=g","caption":"Fr\u00e9d\u00e9ric Eymeri"},"logo":{"@id":"https:\/\/frederic-eymeri.com\/#\/schema\/person\/image\/"},"sameAs":["https:\/\/frederic-eymeri.com"]}]}},"_links":{"self":[{"href":"https:\/\/frederic-eymeri.com\/index.php\/wp-json\/wp\/v2\/product_cat\/37","targetHints":{"allow":["GET"]}}],"collection":[{"href":"https:\/\/frederic-eymeri.com\/index.php\/wp-json\/wp\/v2\/product_cat"}],"about":[{"href":"https:\/\/frederic-eymeri.com\/index.php\/wp-json\/wp\/v2\/taxonomies\/product_cat"}],"wp:post_type":[{"href":"https:\/\/frederic-eymeri.com\/index.php\/wp-json\/wp\/v2\/product?product_cat=37"}],"curies":[{"name":"wp","href":"https:\/\/api.w.org\/{rel}","templated":true}]}}